{"id":1010,"date":"2020-09-22T12:07:12","date_gmt":"2020-09-22T12:07:12","guid":{"rendered":"http:\/\/www.ceam.cl\/web\/?p=1010"},"modified":"2020-09-22T12:08:36","modified_gmt":"2020-09-22T12:08:36","slug":"audiencias-en-tiempos-de-pandemia-programa-medidas-cautelares-provincia-de-talca-y-curico","status":"publish","type":"post","link":"https:\/\/www.ceam.cl\/web\/audiencias-en-tiempos-de-pandemia-programa-medidas-cautelares-provincia-de-talca-y-curico\/","title":{"rendered":"Audiencias En Tiempos De Pandemia Programa Medidas Cautelares Provincia De Talca Y Curic\u00f3"},"content":{"rendered":"\n<p style=\"text-align:justify\">En el marco del trabajo en la atenci\u00f3n que realiza el programa de Medidas Cautelares de las Provincias de Curic\u00f3 y Talca, el programa realiza las adecuaciones metodolog\u00edas y de infraestructura, para que los\/as adolescentes usuarios\/as del programa, puedan comparecer a las audiencias que son programadas en los tribunales de las provincias.&nbsp;<br> <br>Con esta adecuaci\u00f3n metodolog\u00eda, el programa contribuye a que los\/as adolescentes cumpla con sus obligaciones judiciales, enmarcadas en las sujeci\u00f3n al programa establecida por los tribunales, adem\u00e1s de no dilatar la resoluci\u00f3n de las causas judiciales.Para la realizaci\u00f3n de dichas audiencias, las profesionales del programa, toman todas las medidas sanitarias establecidas por el MINSAL, para que tanto los\/as adolescentes como las profesionales no se exponga en forma excesiva a un posible contagio de COVID-19. <strong> <\/strong><\/p>\n\n\n\n<ul class=\"wp-block-gallery columns-3 is-cropped wp-block-gallery-1 is-layout-flex\"><li class=\"blocks-gallery-item\"><figure><img decoding=\"async\" loading=\"lazy\" width=\"583\" height=\"776\" src=\"http:\/\/www.ceam.cl\/web\/wp-content\/uploads\/2020\/09\/1.jpg\" alt=\"\" data-id=\"1024\" data-link=\"http:\/\/www.ceam.cl\/web\/?attachment_id=1024\" class=\"wp-image-1024\" srcset=\"https:\/\/www.ceam.cl\/web\/wp-content\/uploads\/2020\/09\/1.jpg 583w, https:\/\/www.ceam.cl\/web\/wp-content\/uploads\/2020\/09\/1-225x300.jpg 225w\" sizes=\"(max-width: 583px) 100vw, 583px\" \/><\/figure><\/li><li class=\"blocks-gallery-item\"><figure><img decoding=\"async\" loading=\"lazy\" width=\"757\" height=\"568\" src=\"http:\/\/www.ceam.cl\/web\/wp-content\/uploads\/2020\/09\/2.jpg\" alt=\"\" data-id=\"1025\" data-link=\"http:\/\/www.ceam.cl\/web\/?attachment_id=1025\" class=\"wp-image-1025\" srcset=\"https:\/\/www.ceam.cl\/web\/wp-content\/uploads\/2020\/09\/2.jpg 757w, https:\/\/www.ceam.cl\/web\/wp-content\/uploads\/2020\/09\/2-300x225.jpg 300w, https:\/\/www.ceam.cl\/web\/wp-content\/uploads\/2020\/09\/2-750x563.jpg 750w\" sizes=\"(max-width: 757px) 100vw, 757px\" \/><\/figure><\/li><li class=\"blocks-gallery-item\"><figure><img decoding=\"async\" loading=\"lazy\" width=\"724\" height=\"543\" src=\"http:\/\/www.ceam.cl\/web\/wp-content\/uploads\/2020\/09\/3.jpg\" alt=\"\" data-id=\"1026\" data-link=\"http:\/\/www.ceam.cl\/web\/?attachment_id=1026\" class=\"wp-image-1026\" srcset=\"https:\/\/www.ceam.cl\/web\/wp-content\/uploads\/2020\/09\/3.jpg 724w, https:\/\/www.ceam.cl\/web\/wp-content\/uploads\/2020\/09\/3-300x225.jpg 300w\" sizes=\"(max-width: 724px) 100vw, 724px\" \/><\/figure><\/li><li class=\"blocks-gallery-item\"><figure><img decoding=\"async\" loading=\"lazy\" width=\"727\" height=\"545\" src=\"http:\/\/www.ceam.cl\/web\/wp-content\/uploads\/2020\/09\/4.jpg\" alt=\"\" data-id=\"1027\" data-link=\"http:\/\/www.ceam.cl\/web\/?attachment_id=1027\" class=\"wp-image-1027\" srcset=\"https:\/\/www.ceam.cl\/web\/wp-content\/uploads\/2020\/09\/4.jpg 727w, https:\/\/www.ceam.cl\/web\/wp-content\/uploads\/2020\/09\/4-300x225.jpg 300w\" sizes=\"(max-width: 727px) 100vw, 727px\" \/><\/figure><\/li><li class=\"blocks-gallery-item\"><figure><img decoding=\"async\" loading=\"lazy\" width=\"672\" height=\"504\" src=\"http:\/\/www.ceam.cl\/web\/wp-content\/uploads\/2020\/09\/5.jpg\" alt=\"\" data-id=\"1028\" data-link=\"http:\/\/www.ceam.cl\/web\/?attachment_id=1028\" class=\"wp-image-1028\" srcset=\"https:\/\/www.ceam.cl\/web\/wp-content\/uploads\/2020\/09\/5.jpg 672w, https:\/\/www.ceam.cl\/web\/wp-content\/uploads\/2020\/09\/5-300x225.jpg 300w\" sizes=\"(max-width: 672px) 100vw, 672px\" \/><\/figure><\/li><\/ul>\n\n\n\n<p><br><\/p>\n","protected":false},"excerpt":{"rendered":"<p>En el marco del trabajo en la atenci\u00f3n que realiza el programa de Medidas Cautelares de las Provincias de Curic\u00f3 y Talca, el programa realiza las adecuaciones metodolog\u00edas y de [&hellip;]<\/p>\n","protected":false},"author":1,"featured_media":1025,"comment_status":"closed","ping_status":"closed","sticky":false,"template":"","format":"standard","meta":[],"categories":[5,1],"tags":[],"_links":{"self":[{"href":"https:\/\/www.ceam.cl\/web\/wp-json\/wp\/v2\/posts\/1010"}],"collection":[{"href":"https:\/\/www.ceam.cl\/web\/wp-json\/wp\/v2\/posts"}],"about":[{"href":"https:\/\/www.ceam.cl\/web\/wp-json\/wp\/v2\/types\/post"}],"author":[{"embeddable":true,"href":"https:\/\/www.ceam.cl\/web\/wp-json\/wp\/v2\/users\/1"}],"replies":[{"embeddable":true,"href":"https:\/\/www.ceam.cl\/web\/wp-json\/wp\/v2\/comments?post=1010"}],"version-history":[{"count":4,"href":"https:\/\/www.ceam.cl\/web\/wp-json\/wp\/v2\/posts\/1010\/revisions"}],"predecessor-version":[{"id":1030,"href":"https:\/\/www.ceam.cl\/web\/wp-json\/wp\/v2\/posts\/1010\/revisions\/1030"}],"wp:featuredmedia":[{"embeddable":true,"href":"https:\/\/www.ceam.cl\/web\/wp-json\/wp\/v2\/media\/1025"}],"wp:attachment":[{"href":"https:\/\/www.ceam.cl\/web\/wp-json\/wp\/v2\/media?parent=1010"}],"wp:term":[{"taxonomy":"category","embeddable":true,"href":"https:\/\/www.ceam.cl\/web\/wp-json\/wp\/v2\/categories?post=1010"},{"taxonomy":"post_tag","embeddable":true,"href":"https:\/\/www.ceam.cl\/web\/wp-json\/wp\/v2\/tags?post=1010"}],"curies":[{"name":"wp","href":"https:\/\/api.w.org\/{rel}","templated":true}]}}