{"id":2605,"date":"2026-03-17T18:15:22","date_gmt":"2026-03-17T18:15:22","guid":{"rendered":"https:\/\/www.ceam.cl\/web\/?p=2605"},"modified":"2026-03-17T18:17:22","modified_gmt":"2026-03-17T18:17:22","slug":"firma-de-acuerdo-con-holding-grupo-firma","status":"publish","type":"post","link":"https:\/\/www.ceam.cl\/web\/firma-de-acuerdo-con-holding-grupo-firma\/","title":{"rendered":"Firma de acuerdo con holding grupo FIRMA"},"content":{"rendered":"\n<p><p style=\"text-align:justify\">El d\u00eda Lunes 9 de marzo de 2026, se firm\u00f3 un importante acuerdo de colaboraci\u00f3n entre CEAM y el representante de las Empresas Grupo Firma. En \u00e9ste se establece formalmente un vinculo de cooperaci\u00f3n mutua, en el cual la empresa ofrecer\u00e1 posibilidades de integraci\u00f3n laboral a personas participantes derivadas desde el programa OSL MAULE, que ejecuta la Corporaci\u00f3n Educacional Abate Molina de Talca.<br>Esta actividad se desarroll\u00f3 en dependencias de la propia Empresa de la ciudad de Talca, firmando el Hermano Guido Gossens Roell, en su calidad de representante legal de la Corporaci\u00f3n Abate de Talca y don Miguel Vargas Garrido, en representaci\u00f3n de las Empresas del Grupo Firma.<br>Este Holding nace en Talca y tiene presencia a nivel nacional e internacional y se dedica a diversos rubros, entre los m\u00e1s importantes de mencionar, al \u00e1mbito automotriz, inmobiliario, servicios y la producci\u00f3n agr\u00edcola y exportaci\u00f3n frut\u00edcola.<br>En esta importante ceremonia participaron representantes de la Administraci\u00f3n central de la Corporaci\u00f3n Educacional Abate Molina de Talca, el equipo profesional de OSL MAULE y los fundadores del Holding Grupo Firma, adem\u00e1s de profesionales de dicha empresa.<\/p><\/p>\n\n\n\n<figure class=\"wp-block-gallery has-nested-images columns-1 is-cropped wp-block-gallery-1 is-layout-flex\">\n<figure class=\"wp-block-image size-large\"><img decoding=\"async\" loading=\"lazy\" width=\"1024\" height=\"611\" data-id=\"2608\"  src=\"https:\/\/www.ceam.cl\/web\/wp-content\/uploads\/2026\/03\/OSL-3-1024x611.jpg\" alt=\"\" class=\"wp-image-2608\" srcset=\"https:\/\/www.ceam.cl\/web\/wp-content\/uploads\/2026\/03\/OSL-3-1024x611.jpg 1024w, https:\/\/www.ceam.cl\/web\/wp-content\/uploads\/2026\/03\/OSL-3-300x179.jpg 300w, https:\/\/www.ceam.cl\/web\/wp-content\/uploads\/2026\/03\/OSL-3-768x458.jpg 768w, https:\/\/www.ceam.cl\/web\/wp-content\/uploads\/2026\/03\/OSL-3-750x448.jpg 750w, https:\/\/www.ceam.cl\/web\/wp-content\/uploads\/2026\/03\/OSL-3.jpg 1258w\" sizes=\"(max-width: 1024px) 100vw, 1024px\" \/><\/figure>\n\n\n\n<figure class=\"wp-block-image size-large\"><img decoding=\"async\" loading=\"lazy\" width=\"1024\" height=\"604\" data-id=\"2607\"  src=\"https:\/\/www.ceam.cl\/web\/wp-content\/uploads\/2026\/03\/OSL-1-1024x604.jpg\" alt=\"\" class=\"wp-image-2607\" srcset=\"https:\/\/www.ceam.cl\/web\/wp-content\/uploads\/2026\/03\/OSL-1-1024x604.jpg 1024w, https:\/\/www.ceam.cl\/web\/wp-content\/uploads\/2026\/03\/OSL-1-300x177.jpg 300w, https:\/\/www.ceam.cl\/web\/wp-content\/uploads\/2026\/03\/OSL-1-768x453.jpg 768w, https:\/\/www.ceam.cl\/web\/wp-content\/uploads\/2026\/03\/OSL-1-750x442.jpg 750w, https:\/\/www.ceam.cl\/web\/wp-content\/uploads\/2026\/03\/OSL-1.jpg 1234w\" sizes=\"(max-width: 1024px) 100vw, 1024px\" \/><\/figure>\n\n\n\n<figure class=\"wp-block-image size-large\"><img decoding=\"async\" loading=\"lazy\" width=\"1024\" height=\"594\" data-id=\"2606\"  src=\"https:\/\/www.ceam.cl\/web\/wp-content\/uploads\/2026\/03\/OSL-2-1024x594.jpg\" alt=\"\" class=\"wp-image-2606\" srcset=\"https:\/\/www.ceam.cl\/web\/wp-content\/uploads\/2026\/03\/OSL-2-1024x594.jpg 1024w, https:\/\/www.ceam.cl\/web\/wp-content\/uploads\/2026\/03\/OSL-2-300x174.jpg 300w, https:\/\/www.ceam.cl\/web\/wp-content\/uploads\/2026\/03\/OSL-2-768x445.jpg 768w, https:\/\/www.ceam.cl\/web\/wp-content\/uploads\/2026\/03\/OSL-2-750x435.jpg 750w, https:\/\/www.ceam.cl\/web\/wp-content\/uploads\/2026\/03\/OSL-2.jpg 1237w\" sizes=\"(max-width: 1024px) 100vw, 1024px\" \/><\/figure>\n<\/figure>\n","protected":false},"excerpt":{"rendered":"<p>El d\u00eda Lunes 9 de marzo de 2026, se firm\u00f3 un importante acuerdo de colaboraci\u00f3n entre CEAM y el representante de las Empresas Grupo Firma. En \u00e9ste se establece formalmente [&hellip;]<\/p>\n","protected":false},"author":1,"featured_media":2607,"comment_status":"closed","ping_status":"closed","sticky":false,"template":"","format":"standard","meta":[],"categories":[5],"tags":[],"_links":{"self":[{"href":"https:\/\/www.ceam.cl\/web\/wp-json\/wp\/v2\/posts\/2605"}],"collection":[{"href":"https:\/\/www.ceam.cl\/web\/wp-json\/wp\/v2\/posts"}],"about":[{"href":"https:\/\/www.ceam.cl\/web\/wp-json\/wp\/v2\/types\/post"}],"author":[{"embeddable":true,"href":"https:\/\/www.ceam.cl\/web\/wp-json\/wp\/v2\/users\/1"}],"replies":[{"embeddable":true,"href":"https:\/\/www.ceam.cl\/web\/wp-json\/wp\/v2\/comments?post=2605"}],"version-history":[{"count":3,"href":"https:\/\/www.ceam.cl\/web\/wp-json\/wp\/v2\/posts\/2605\/revisions"}],"predecessor-version":[{"id":2611,"href":"https:\/\/www.ceam.cl\/web\/wp-json\/wp\/v2\/posts\/2605\/revisions\/2611"}],"wp:featuredmedia":[{"embeddable":true,"href":"https:\/\/www.ceam.cl\/web\/wp-json\/wp\/v2\/media\/2607"}],"wp:attachment":[{"href":"https:\/\/www.ceam.cl\/web\/wp-json\/wp\/v2\/media?parent=2605"}],"wp:term":[{"taxonomy":"category","embeddable":true,"href":"https:\/\/www.ceam.cl\/web\/wp-json\/wp\/v2\/categories?post=2605"},{"taxonomy":"post_tag","embeddable":true,"href":"https:\/\/www.ceam.cl\/web\/wp-json\/wp\/v2\/tags?post=2605"}],"curies":[{"name":"wp","href":"https:\/\/api.w.org\/{rel}","templated":true}]}}